{"id":11488,"date":"2023-08-25T20:52:01","date_gmt":"2023-08-25T18:52:01","guid":{"rendered":"https:\/\/www.capciudaddemurcia.com\/home\/?p=11488"},"modified":"2023-08-25T20:52:01","modified_gmt":"2023-08-25T18:52:01","slug":"comunicado-oficial","status":"publish","type":"post","link":"https:\/\/www.capciudaddemurcia.com\/home\/area-social\/comunicado-oficial\/","title":{"rendered":"Comunicado Oficial"},"content":{"rendered":"<p>El CAP Ciudad de Murcia, desde su asamblea de socios, desea expresar su profunda preocupaci\u00f3n por las actuaciones del actual presidente de la RFEF, Luis Rubiales, en la \u00faltima semana, culminadas esta ma\u00f1ana en un discurso alejado completamente de la realidad de la sociedad espa\u00f1ola.<\/p>\n<p>No s\u00f3lo ha tenido comportamientos completamente inapropiados del cargo que ostenta, sino que, en lugar de rectificar y pedir sinceras disculpas, se ha dedicado a menoscabar a quienes han se\u00f1alado la gravedad de su comportamiento.<\/p>\n<p>En un discurso muy esperado en la ma\u00f1ana de hoy, ha continuado en su victimizaci\u00f3n y ha menospreciado todo un movimiento como el feminista, que ha conseguido tant\u00edsimos avances en este pa\u00eds.<\/p>\n<p>Desde el CAP Ciudad de Murcia queremos dejar claro que este comportamiento y estas declaraciones, completamente fuera de lugar, no nos parecen dignas del m\u00e1ximo representante del futbol espa\u00f1ol. Por tanto, pedimos que los \u00f3rganos competentes tomen las medidas oportunas.<\/p>\n","protected":false},"excerpt":{"rendered":"<p>El CAP Ciudad de Murcia, desde su asamblea de socios, desea expresar su profunda preocupaci\u00f3n por las actuaciones del actual presidente de la RFEF, Luis Rubiales, en la \u00faltima semana, culminadas esta ma\u00f1ana en un discurso alejado completamente de la realidad de la sociedad espa\u00f1ola. No s\u00f3lo ha tenido comportamientos completamente inapropiados del cargo que [&hellip;]<\/p>\n","protected":false},"author":1,"featured_media":11489,"comment_status":"closed","ping_status":"closed","sticky":false,"template":"","format":"standard","meta":{"jetpack_post_was_ever_published":false,"_jetpack_newsletter_access":"","_jetpack_dont_email_post_to_subs":false,"_jetpack_newsletter_tier_id":0,"_jetpack_memberships_contains_paywalled_content":false,"_jetpack_memberships_contains_paid_content":false,"footnotes":"","jetpack_publicize_message":"","jetpack_publicize_feature_enabled":true,"jetpack_social_post_already_shared":true,"jetpack_social_options":{"image_generator_settings":{"template":"highway","default_image_id":0,"font":"","enabled":false},"version":2}},"categories":[50],"tags":[],"class_list":["post-11488","post","type-post","status-publish","format-standard","has-post-thumbnail","hentry","category-area-social"],"jetpack_publicize_connections":[],"jetpack_featured_media_url":"https:\/\/www.capciudaddemurcia.com\/home\/wp-content\/uploads\/2023\/08\/Copia-de-Infograf\u00edas-202324-Horizontales.png","jetpack_sharing_enabled":true,"jetpack_shortlink":"https:\/\/wp.me\/p9cs2b-2Zi","_links":{"self":[{"href":"https:\/\/www.capciudaddemurcia.com\/home\/wp-json\/wp\/v2\/posts\/11488","targetHints":{"allow":["GET"]}}],"collection":[{"href":"https:\/\/www.capciudaddemurcia.com\/home\/wp-json\/wp\/v2\/posts"}],"about":[{"href":"https:\/\/www.capciudaddemurcia.com\/home\/wp-json\/wp\/v2\/types\/post"}],"author":[{"embeddable":true,"href":"https:\/\/www.capciudaddemurcia.com\/home\/wp-json\/wp\/v2\/users\/1"}],"replies":[{"embeddable":true,"href":"https:\/\/www.capciudaddemurcia.com\/home\/wp-json\/wp\/v2\/comments?post=11488"}],"version-history":[{"count":2,"href":"https:\/\/www.capciudaddemurcia.com\/home\/wp-json\/wp\/v2\/posts\/11488\/revisions"}],"predecessor-version":[{"id":11872,"href":"https:\/\/www.capciudaddemurcia.com\/home\/wp-json\/wp\/v2\/posts\/11488\/revisions\/11872"}],"wp:featuredmedia":[{"embeddable":true,"href":"https:\/\/www.capciudaddemurcia.com\/home\/wp-json\/wp\/v2\/media\/11489"}],"wp:attachment":[{"href":"https:\/\/www.capciudaddemurcia.com\/home\/wp-json\/wp\/v2\/media?parent=11488"}],"wp:term":[{"taxonomy":"category","embeddable":true,"href":"https:\/\/www.capciudaddemurcia.com\/home\/wp-json\/wp\/v2\/categories?post=11488"},{"taxonomy":"post_tag","embeddable":true,"href":"https:\/\/www.capciudaddemurcia.com\/home\/wp-json\/wp\/v2\/tags?post=11488"}],"curies":[{"name":"wp","href":"https:\/\/api.w.org\/{rel}","templated":true}]}}