{"id":12006,"date":"2024-08-06T21:03:14","date_gmt":"2024-08-06T19:03:14","guid":{"rendered":"https:\/\/www.capciudaddemurcia.com\/home\/?p=12006"},"modified":"2025-07-29T14:06:48","modified_gmt":"2025-07-29T12:06:48","slug":"carlos-murcia-nuevo-director-deportivo-del-equipo-masculino","status":"publish","type":"post","link":"https:\/\/www.capciudaddemurcia.com\/home\/area-deportiva\/carlos-murcia-nuevo-director-deportivo-del-equipo-masculino\/","title":{"rendered":"Carlos Murcia, nuevo director deportivo del equipo masculino"},"content":{"rendered":"<p>El puesto de director deportivo tiene un nuevo responsable al frente, Carlos Murcia tomar\u00e1 el testigo dejado por Manolo Ill\u00e1n y coordinar\u00e1 diferentes tareas junto con el cuerpo t\u00e9cnico y el \u00e1rea deportiva del club.<\/p>\n<p>Con 35 a\u00f1os, Carlos cuenta con una amplia trayectoria como primer entrenador en diversas categor\u00edas del f\u00fatbol regional. Tambi\u00e9n tiene experiencia a nivel internacional, ya que ejerci\u00f3 como coordinador, director de metodolog\u00eda y primer entrenador en China.<\/p>\n<p>Las primeras decisiones de la direcci\u00f3n deportiva se anunciar\u00e1n en los pr\u00f3ximos d\u00edas, en forma de nuevas incorporaciones para la plantilla de la temporada 2024\/25.<\/p>\n","protected":false},"excerpt":{"rendered":"<p>El puesto de director deportivo tiene un nuevo responsable al frente, Carlos Murcia tomar\u00e1 el testigo dejado por Manolo Ill\u00e1n y coordinar\u00e1 diferentes tareas junto con el cuerpo t\u00e9cnico y el \u00e1rea deportiva del club. Con 35 a\u00f1os, Carlos cuenta con una amplia trayectoria como primer entrenador en diversas categor\u00edas del f\u00fatbol regional. Tambi\u00e9n tiene [&hellip;]<\/p>\n","protected":false},"author":1,"featured_media":12007,"comment_status":"closed","ping_status":"closed","sticky":false,"template":"","format":"standard","meta":{"jetpack_post_was_ever_published":false,"_jetpack_newsletter_access":"","_jetpack_dont_email_post_to_subs":false,"_jetpack_newsletter_tier_id":0,"_jetpack_memberships_contains_paywalled_content":false,"_jetpack_memberships_contains_paid_content":false,"footnotes":"","jetpack_publicize_message":"","jetpack_publicize_feature_enabled":true,"jetpack_social_post_already_shared":true,"jetpack_social_options":{"image_generator_settings":{"template":"highway","default_image_id":0,"font":"","enabled":false},"version":2}},"categories":[49,132,53],"tags":[],"class_list":["post-12006","post","type-post","status-publish","format-standard","has-post-thumbnail","hentry","category-area-deportiva","category-preferente-masculino","category-destacado"],"jetpack_publicize_connections":[],"jetpack_featured_media_url":"https:\/\/www.capciudaddemurcia.com\/home\/wp-content\/uploads\/2024\/08\/RenovacionesFichajes-Horizontal-2.png","jetpack_sharing_enabled":true,"jetpack_shortlink":"https:\/\/wp.me\/p9cs2b-37E","_links":{"self":[{"href":"https:\/\/www.capciudaddemurcia.com\/home\/wp-json\/wp\/v2\/posts\/12006","targetHints":{"allow":["GET"]}}],"collection":[{"href":"https:\/\/www.capciudaddemurcia.com\/home\/wp-json\/wp\/v2\/posts"}],"about":[{"href":"https:\/\/www.capciudaddemurcia.com\/home\/wp-json\/wp\/v2\/types\/post"}],"author":[{"embeddable":true,"href":"https:\/\/www.capciudaddemurcia.com\/home\/wp-json\/wp\/v2\/users\/1"}],"replies":[{"embeddable":true,"href":"https:\/\/www.capciudaddemurcia.com\/home\/wp-json\/wp\/v2\/comments?post=12006"}],"version-history":[{"count":2,"href":"https:\/\/www.capciudaddemurcia.com\/home\/wp-json\/wp\/v2\/posts\/12006\/revisions"}],"predecessor-version":[{"id":12009,"href":"https:\/\/www.capciudaddemurcia.com\/home\/wp-json\/wp\/v2\/posts\/12006\/revisions\/12009"}],"wp:featuredmedia":[{"embeddable":true,"href":"https:\/\/www.capciudaddemurcia.com\/home\/wp-json\/wp\/v2\/media\/12007"}],"wp:attachment":[{"href":"https:\/\/www.capciudaddemurcia.com\/home\/wp-json\/wp\/v2\/media?parent=12006"}],"wp:term":[{"taxonomy":"category","embeddable":true,"href":"https:\/\/www.capciudaddemurcia.com\/home\/wp-json\/wp\/v2\/categories?post=12006"},{"taxonomy":"post_tag","embeddable":true,"href":"https:\/\/www.capciudaddemurcia.com\/home\/wp-json\/wp\/v2\/tags?post=12006"}],"curies":[{"name":"wp","href":"https:\/\/api.w.org\/{rel}","templated":true}]}}