{"id":6763,"date":"2018-08-31T20:41:19","date_gmt":"2018-08-31T18:41:19","guid":{"rendered":"https:\/\/www.capciudaddemurcia.com\/home\/?p=6763"},"modified":"2019-01-27T22:02:56","modified_gmt":"2019-01-27T20:02:56","slug":"cap-ciudad-de-murcia-cepaim-un-filial-inclusivo","status":"publish","type":"post","link":"https:\/\/www.capciudaddemurcia.com\/home\/area-social\/cap-ciudad-de-murcia-cepaim-un-filial-inclusivo\/","title":{"rendered":"CAP Ciudad de Murcia &#8211;\u00a0Cepaim, un filial inclusivo"},"content":{"rendered":"<p><a href=\"https:\/\/www.capciudaddemurcia.com\/home\/wp-content\/uploads\/2018\/08\/CDM-Cepaim.png\"><img loading=\"lazy\" decoding=\"async\" class=\"alignnone size-full wp-image-6764\" src=\"https:\/\/www.capciudaddemurcia.com\/home\/wp-content\/uploads\/2018\/08\/CDM-Cepaim.png\" alt=\"\" width=\"1200\" height=\"628\" srcset=\"https:\/\/www.capciudaddemurcia.com\/home\/wp-content\/uploads\/2018\/08\/CDM-Cepaim.png 1200w, https:\/\/www.capciudaddemurcia.com\/home\/wp-content\/uploads\/2018\/08\/CDM-Cepaim-450x236.png 450w, https:\/\/www.capciudaddemurcia.com\/home\/wp-content\/uploads\/2018\/08\/CDM-Cepaim-300x157.png 300w, https:\/\/www.capciudaddemurcia.com\/home\/wp-content\/uploads\/2018\/08\/CDM-Cepaim-768x402.png 768w, https:\/\/www.capciudaddemurcia.com\/home\/wp-content\/uploads\/2018\/08\/CDM-Cepaim-1030x539.png 1030w, https:\/\/www.capciudaddemurcia.com\/home\/wp-content\/uploads\/2018\/08\/CDM-Cepaim-705x369.png 705w, https:\/\/www.capciudaddemurcia.com\/home\/wp-content\/uploads\/2018\/08\/CDM-Cepaim-845x442.png 845w, https:\/\/www.capciudaddemurcia.com\/home\/wp-content\/uploads\/2018\/08\/CDM-Cepaim-128x67.png 128w, https:\/\/www.capciudaddemurcia.com\/home\/wp-content\/uploads\/2018\/08\/CDM-Cepaim-32x17.png 32w\" sizes=\"auto, (max-width: 1200px) 100vw, 1200px\" \/><\/a><\/p>\n<p>&nbsp;<\/p>\n<p style=\"font-weight: 400;\">El <strong>CAP Ciudad de Murcia<\/strong> da una vuelta de tuerca m\u00e1s en su apuesta decidida por cambiar el f\u00fatbol y convertirlo en un activo social en contrapartida a la mercantilizaci\u00f3n, p\u00e9rdida de utilidad p\u00fablica y descr\u00e9dito social al que est\u00e1 sometido.<\/p>\n<p style=\"font-weight: 400;\">Cuando en 2010 la afici\u00f3n opt\u00f3 por devolver a la vida a su club y dignificar su escudo, los cimientos del proyecto estaban claros: la propiedad, gesti\u00f3n y administraci\u00f3n deb\u00eda responder a los principios de democracia y horizontalidad que desde anta\u00f1o forjaron al f\u00fatbol como el deporte rey.<\/p>\n<p style=\"font-weight: 400;\">Tras lograr un hito en el f\u00fatbol actual, se quiso ir m\u00e1s all\u00e1; el CAP Ciudad de Murcia no s\u00f3lo deb\u00eda responder a su leg\u00edtimo y soberano due\u00f1o; el aficionado, sino que tambi\u00e9n deb\u00eda responder a las demandas de su comunidad y a los retos de una sociedad moderna y diversa. Desde este prisma, la parcela social del club entendi\u00f3 r\u00e1pidamente que hay tres colectivos que el f\u00fatbol sigue empe\u00f1ado en marginar: las personas con discapacidad, migrantes y mujer.<\/p>\n<p style=\"font-weight: 400;\">Para dar respuesta a este desaf\u00edo, se comenz\u00f3 a crear la Fundaci\u00f3n CAP Ciudad de Murcia y mientras que la burocracia segu\u00eda su curso, el Ciudad empez\u00f3 a trabajar para dar respuesta a la inclusi\u00f3n de dichos colectivos en la estructura deportiva del club.<\/p>\n<p style=\"font-weight: 400;\">En la temporada 2015\/2016 ve\u00eda la luz el CAP Ciudad de Murcia Adaptado. El primer equipo inclusivo de deporte discapacitado en nuestra Regi\u00f3n. Se impulsaba la primera plantilla con componente social, un equipo que desaf\u00eda incluso al propio deporte adaptado, que es capaz de separar a las personas seg\u00fan su discapacidad y excluir a aquellas que no tienen federaci\u00f3n o disciplina reconocida.\u00a0 Esta temporada ser\u00e1 la cuarta de un equipo que se caracteriza por aceptar cualquier persona con discapacidad de forma totalmente gratuita. Adaptando el f\u00fatbol a la persona, mezclando sillas de ruedas, con andadores, personas con discapacidad auditiva o jugadores con par\u00e1lisis cerebral disfrutando juntos de un f\u00fatbol 100% inclusivo.<\/p>\n<p style=\"font-weight: 400;\">En la temporada 2016\/2017 lleg\u00f3 el turno de la mujer, con humildad y trabajo nac\u00eda el CAP Ciudad de Murcia de Liga Femenina, nuestro primer equipo de mujeres que en s\u00f3lo dos temporadas y gracias al compromiso de nuestras jugadoras ya es equipo de la Segunda Divisi\u00f3n Espa\u00f1ola.<\/p>\n<p style=\"font-weight: 400;\">Pero a\u00fan quedaba un colectivo al que dar respuesta, pese al apoyo que el CAP Ciudad de Murcia ha brindado durante temporadas al Torneo de F\u00fatbol por la Inclusi\u00f3n y las diversas jornadas contra el racismo y la xenofobia, el club sent\u00eda la necesidad de disfrutar de un equipo de estas caracter\u00edsticas en su disciplina.<\/p>\n<p style=\"font-weight: 400;\">Por ello, y gracias al trabajo que la Fundaci\u00f3n\u00a0<strong>CEPAIM<\/strong>\u00a0lleva desarrollando desde principios de los a\u00f1os 90 en la Regi\u00f3n de Murcia y gran parte de Espa\u00f1a, dicha fundaci\u00f3n y la del CAP Ciudad de Murcia han firmado un acuerdo de colaboraci\u00f3n y trabajo. La primera piedra de este acuerdo que se est\u00e1 materializando en un proyecto, es la creaci\u00f3n e inscripci\u00f3n para esta temporada de un equipo formado en su mayor\u00eda por personas migrantes y en riesgo de exclusi\u00f3n social, que constituir\u00e1 el filial del equipo masculino.<\/p>\n<p style=\"font-weight: 400;\"><a href=\"https:\/\/www.capciudaddemurcia.com\/home\/wp-content\/uploads\/2018\/08\/Partido.jpg\"><img loading=\"lazy\" decoding=\"async\" class=\"alignleft wp-image-6767\" src=\"https:\/\/www.capciudaddemurcia.com\/home\/wp-content\/uploads\/2018\/08\/Partido.jpg\" alt=\"\" width=\"650\" height=\"394\" srcset=\"https:\/\/www.capciudaddemurcia.com\/home\/wp-content\/uploads\/2018\/08\/Partido.jpg 1024w, https:\/\/www.capciudaddemurcia.com\/home\/wp-content\/uploads\/2018\/08\/Partido-450x272.jpg 450w, https:\/\/www.capciudaddemurcia.com\/home\/wp-content\/uploads\/2018\/08\/Partido-300x182.jpg 300w, https:\/\/www.capciudaddemurcia.com\/home\/wp-content\/uploads\/2018\/08\/Partido-768x465.jpg 768w, https:\/\/www.capciudaddemurcia.com\/home\/wp-content\/uploads\/2018\/08\/Partido-705x427.jpg 705w, https:\/\/www.capciudaddemurcia.com\/home\/wp-content\/uploads\/2018\/08\/Partido-128x78.jpg 128w, https:\/\/www.capciudaddemurcia.com\/home\/wp-content\/uploads\/2018\/08\/Partido-32x19.jpg 32w\" sizes=\"auto, (max-width: 650px) 100vw, 650px\" \/><\/a>El equipo, que se ha inscrito en 2\u00aa Auton\u00f3mica con el nombre de: \u201cCAP Ciudad de Murcia\u00a0CEPAIM\u201d, aunque tambi\u00e9n podr\u00eda llamarse: \u201cCEPAIM\u00a0CAP Ciudad de Murcia\u201d, une a esta prestigiosa Fundaci\u00f3n con el CAP Ciudad de Murcia. Con ello, se pretende desarrollar un proyecto intercultural que apuesta, de forma pionera, por la inclusi\u00f3n social de las personas migrantes y en riesgo de exclusi\u00f3n a trav\u00e9s de un idioma universal que todo el mundo entiende: el f\u00fatbol.<\/p>\n<p style=\"font-weight: 400;\">Por consiguiente, el nuevo<strong> filial rojinegro<\/strong>, que adem\u00e1s tiene la condici\u00f3n de <strong>sub-23<\/strong>, entrenar\u00e1 durante la semana en Dolores de Pacheco y jugar\u00e1 sus partidos en el municipio de Murcia. Todo ello gracias a la estrecha colaboraci\u00f3n con el Ayuntamiento de Torre-Pacheco y el Consistorio murciano.<\/p>\n<p style=\"font-weight: 400;\">Adem\u00e1s, los jugadores que ya han empezado a participar en la preselecci\u00f3n y que formar\u00e1n el equipo son, en un porcentaje del 80%, j\u00f3venes migrantes acogidos en los cincos centros que la Fundaci\u00f3n\u00a0CEPAIM\u00a0tiene en la Regi\u00f3n de Murcia con personas de m\u00e1s de veinte nacionalidades. Concretamente en Beniaj\u00e1n, Cartagena, Lorca, Molina de Segura y Torre-Pacheco. El otro 20% est\u00e1 reservado a j\u00f3venes con nacionalidad espa\u00f1ola provenientes de la cantera, as\u00ed como j\u00f3venes ex tutelados.<\/p>\n<p style=\"font-weight: 400;\">El CAP Ciudad de Murcia CEPAIM debutar\u00e1 en <strong>2\u00aa Auton\u00f3mica<\/strong> el pr\u00f3ximo <strong>martes 4<\/strong> a las <strong>21:30 h.<\/strong> en <strong>El Esparragal<\/strong>.<\/p>\n<p><a href=\"https:\/\/www.capciudaddemurcia.com\/home\/wp-content\/uploads\/2018\/08\/Partido.png\"><img loading=\"lazy\" decoding=\"async\" class=\"aligncenter wp-image-6766\" src=\"https:\/\/www.capciudaddemurcia.com\/home\/wp-content\/uploads\/2018\/08\/Partido.png\" alt=\"\" width=\"1000\" height=\"523\" srcset=\"https:\/\/www.capciudaddemurcia.com\/home\/wp-content\/uploads\/2018\/08\/Partido.png 1200w, https:\/\/www.capciudaddemurcia.com\/home\/wp-content\/uploads\/2018\/08\/Partido-450x236.png 450w, https:\/\/www.capciudaddemurcia.com\/home\/wp-content\/uploads\/2018\/08\/Partido-300x157.png 300w, https:\/\/www.capciudaddemurcia.com\/home\/wp-content\/uploads\/2018\/08\/Partido-768x402.png 768w, https:\/\/www.capciudaddemurcia.com\/home\/wp-content\/uploads\/2018\/08\/Partido-1030x539.png 1030w, https:\/\/www.capciudaddemurcia.com\/home\/wp-content\/uploads\/2018\/08\/Partido-705x369.png 705w, https:\/\/www.capciudaddemurcia.com\/home\/wp-content\/uploads\/2018\/08\/Partido-845x442.png 845w, https:\/\/www.capciudaddemurcia.com\/home\/wp-content\/uploads\/2018\/08\/Partido-128x67.png 128w, https:\/\/www.capciudaddemurcia.com\/home\/wp-content\/uploads\/2018\/08\/Partido-32x17.png 32w\" sizes=\"auto, (max-width: 1000px) 100vw, 1000px\" \/><\/a><\/p>\n","protected":false},"excerpt":{"rendered":"<p>&nbsp; El CAP Ciudad de Murcia da una vuelta de tuerca m\u00e1s en su apuesta decidida por cambiar el f\u00fatbol y convertirlo en un activo social en contrapartida a la mercantilizaci\u00f3n, p\u00e9rdida de utilidad p\u00fablica y descr\u00e9dito social al que est\u00e1 sometido. Cuando en 2010 la afici\u00f3n opt\u00f3 por devolver a la vida a su [&hellip;]<\/p>\n","protected":false},"author":1,"featured_media":6764,"comment_status":"open","ping_status":"open","sticky":false,"template":"","format":"standard","meta":{"jetpack_post_was_ever_published":false,"_jetpack_newsletter_access":"","_jetpack_dont_email_post_to_subs":false,"_jetpack_newsletter_tier_id":0,"_jetpack_memberships_contains_paywalled_content":false,"_jetpack_memberships_contains_paid_content":false,"footnotes":"","jetpack_publicize_message":"","jetpack_publicize_feature_enabled":true,"jetpack_social_post_already_shared":true,"jetpack_social_options":{"image_generator_settings":{"template":"highway","default_image_id":0,"font":"","enabled":false},"version":2}},"categories":[50],"tags":[],"class_list":["post-6763","post","type-post","status-publish","format-standard","has-post-thumbnail","hentry","category-area-social"],"jetpack_publicize_connections":[],"jetpack_featured_media_url":"https:\/\/www.capciudaddemurcia.com\/home\/wp-content\/uploads\/2018\/08\/CDM-Cepaim.png","jetpack_sharing_enabled":true,"jetpack_shortlink":"https:\/\/wp.me\/p9cs2b-1L5","_links":{"self":[{"href":"https:\/\/www.capciudaddemurcia.com\/home\/wp-json\/wp\/v2\/posts\/6763","targetHints":{"allow":["GET"]}}],"collection":[{"href":"https:\/\/www.capciudaddemurcia.com\/home\/wp-json\/wp\/v2\/posts"}],"about":[{"href":"https:\/\/www.capciudaddemurcia.com\/home\/wp-json\/wp\/v2\/types\/post"}],"author":[{"embeddable":true,"href":"https:\/\/www.capciudaddemurcia.com\/home\/wp-json\/wp\/v2\/users\/1"}],"replies":[{"embeddable":true,"href":"https:\/\/www.capciudaddemurcia.com\/home\/wp-json\/wp\/v2\/comments?post=6763"}],"version-history":[{"count":4,"href":"https:\/\/www.capciudaddemurcia.com\/home\/wp-json\/wp\/v2\/posts\/6763\/revisions"}],"predecessor-version":[{"id":6770,"href":"https:\/\/www.capciudaddemurcia.com\/home\/wp-json\/wp\/v2\/posts\/6763\/revisions\/6770"}],"wp:featuredmedia":[{"embeddable":true,"href":"https:\/\/www.capciudaddemurcia.com\/home\/wp-json\/wp\/v2\/media\/6764"}],"wp:attachment":[{"href":"https:\/\/www.capciudaddemurcia.com\/home\/wp-json\/wp\/v2\/media?parent=6763"}],"wp:term":[{"taxonomy":"category","embeddable":true,"href":"https:\/\/www.capciudaddemurcia.com\/home\/wp-json\/wp\/v2\/categories?post=6763"},{"taxonomy":"post_tag","embeddable":true,"href":"https:\/\/www.capciudaddemurcia.com\/home\/wp-json\/wp\/v2\/tags?post=6763"}],"curies":[{"name":"wp","href":"https:\/\/api.w.org\/{rel}","templated":true}]}}