{"id":9642,"date":"2021-10-10T15:49:26","date_gmt":"2021-10-10T13:49:26","guid":{"rendered":"https:\/\/www.capciudaddemurcia.com\/home\/?p=9642"},"modified":"2022-01-28T20:27:44","modified_gmt":"2022-01-28T19:27:44","slug":"9642","status":"publish","type":"post","link":"https:\/\/www.capciudaddemurcia.com\/home\/area-deportiva\/9642\/","title":{"rendered":"Jornada 6: CAP Ciudad de Murcia 3-0 FC La Uni\u00f3n Atl\u00e9tico"},"content":{"rendered":"<p style=\"text-align: center;\">Jornada 6 Tercera RFEF Grupo XIII 21\/22<\/p>\n<p style=\"text-align: center;\">CAP Ciudad de Murcia 3-0 FC La Uni\u00f3n Atl\u00e9tico<\/p>\n<p style=\"text-align: center;\">09\/10\/2021 en el Municipal Jos\u00e9 Barn\u00e9s.<\/p>\n<p style=\"text-align: center;\">Ficha del partido<\/p>\n<p style=\"text-align: center;\">CAP Ciudad de Murcia: Miguel, Jaime, David Jim\u00e9nez, Paco Carrillo, Mario (\u00c1lex David 82\u2019), Franco Sala, Viti (Perell\u00f3 66\u2019), Cabo (Emilio 66\u2019), Valverde (Belando 82\u2019), Samu (Diego 78\u2019), Mat\u00edas.<\/p>\n<p style=\"text-align: center;\">FC La Uni\u00f3n Atl\u00e9tico: Hugo, Aguirre (Harrison 46\u2019), Collados, Juanma, Julio Algar, Schuster, Matallana, Nico (Jawad 77\u2019), Chema (Jorge Mart\u00ednez 46\u2019), Valdeolivas (\u00c1lex Jim\u00e9nez 46\u2019), Belencoso (Arcas 46\u2019).<\/p>\n<p style=\"text-align: center;\">Goles: 1-0 Valverde 12\u2019, 2-0 Mat\u00edas 30\u2019, 3-0 Mario 54\u2019.<\/p>\n<p style=\"text-align: center;\">\u00c1rbitros: Ismael Conesa Bernal, Jorge Rodr\u00edguez D\u00edaz, Manuel S\u00e1nchez Hern\u00e1ndez, Pedro Segura Castro.<\/p>\n<p>Tercer triunfo de los rojinegros, en su tercer partido en el Jos\u00e9 Barn\u00e9s.<\/p>\n<p>Disfruta del\u00a0<a href=\"https:\/\/youtu.be\/NUKRkWJqVR0\">resumen audiovisual<\/a><\/p>\n<p>Los de Ismael Ib\u00e1\u00f1ez solo conocen la victoria esta temporada en el feudo rojinegro y ayer, La Uni\u00f3n Atl\u00e9tico, pudo comprobar la fortaleza del Ciudad cuando juega de local ante su afici\u00f3n.<\/p>\n<p>El partido empez\u00f3 muy calmado y los diez primeros minutos pasaron sin que ning\u00fan equipo arriesgara lo m\u00e1s m\u00ednimo.<\/p>\n<p>La primera acci\u00f3n de verdadero peligro acab\u00f3 con el primero gol de la tarde-noche de ayer, tras una jugada ensayada de la pizarra de Ismael. Mario bot\u00f3 una falta desde el centro del campo hacia el espacio que dejo en el \u00e1rea La Uni\u00f3n y donde estaba Franco Sala y tras un barull\u00f3 de varios remates y despejes mal ejecutados de los blanquiazules, Valverde engancho el remate definitivo que pon\u00eda el primer gol en el marcador a los doce minutos de juego.<\/p>\n<p>El Ciudad sigui\u00f3 con la din\u00e1mica positiva que y un minuto despu\u00e9s del gol, una jugada de Cabo por banda izquierda, con un gran recorte hacia dentro, termina en un remate desde fuera del \u00e1rea del propio Cabo que obliga a Hugo a realizar una extraordinaria parada para evitar el segundo gol.<\/p>\n<p>En el minuto treinta lleg\u00f3 el segundo gol del Ciudad, tras un gran robo y posterior asistencia de Valverde hacia Mat\u00edas que encara al portero y sin ponerse nervioso en ning\u00fan momento, define, con una maestr\u00eda espectacular, por encima del portero unionense para aumentar la ventaja en el marcador.<\/p>\n<p>Con la ventaja de dos goles para el Ciudad, se llegar\u00eda al final de la primera parte.<\/p>\n<p>Al poco de empezar la segunda parte, La Uni\u00f3n tuvo su \u00fanica y m\u00e1s peligrosa ocasi\u00f3n del partido tras un centro por banda derecha que Nico Gonz\u00e1lez, con una volea, remat\u00f3 sobre la porter\u00eda de Miguel pero el remate acab\u00f3 en saque de meta para los rojinegros.<\/p>\n<p>La sentencia del partido lleg\u00f3 en el minuto 54, tras robar Mario un bal\u00f3n en el campo de La Uni\u00f3n y soltar un zurdazo que sorprend\u00eda a Hugo y se colaba en la porter\u00eda visitante poniendo el tres a cero en el luminoso.<\/p>\n<p>Con el 3-0 se llegar\u00eda al final de los noventa minutos en el Jos\u00e9 Barn\u00e9s y confirm\u00e1ndose esa tercera victoria en los tres partidos disputados como local de los de Ismael Ib\u00e1\u00f1ez.<\/p>\n<p>Ismael Ib\u00e1\u00f1ez nos analizaba el encuentro en la <a href=\"https:\/\/youtu.be\/5P26hJNu6EU\">Entrevista Post Partido<\/a><\/p>\n<p>El pr\u00f3ximo partido de los rojinegros ser\u00e1 el mi\u00e9rcoles 13 de octubre, contra el FC Cartagena B en el Estadio Cartagonova.<\/p>\n<p>&nbsp;<\/p>\n","protected":false},"excerpt":{"rendered":"<p>Jornada 6 Tercera RFEF Grupo XIII 21\/22 CAP Ciudad de Murcia 3-0 FC La Uni\u00f3n Atl\u00e9tico 09\/10\/2021 en el Municipal Jos\u00e9 Barn\u00e9s. Ficha del partido CAP Ciudad de Murcia: Miguel, Jaime, David Jim\u00e9nez, Paco Carrillo, Mario (\u00c1lex David 82\u2019), Franco Sala, Viti (Perell\u00f3 66\u2019), Cabo (Emilio 66\u2019), Valverde (Belando 82\u2019), Samu (Diego 78\u2019), Mat\u00edas. FC [&hellip;]<\/p>\n","protected":false},"author":1,"featured_media":9648,"comment_status":"closed","ping_status":"closed","sticky":false,"template":"","format":"standard","meta":{"jetpack_post_was_ever_published":false,"_jetpack_newsletter_access":"","_jetpack_dont_email_post_to_subs":false,"_jetpack_newsletter_tier_id":0,"_jetpack_memberships_contains_paywalled_content":false,"_jetpack_memberships_contains_paid_content":false,"footnotes":"","jetpack_publicize_message":"","jetpack_publicize_feature_enabled":true,"jetpack_social_post_already_shared":true,"jetpack_social_options":{"image_generator_settings":{"template":"highway","default_image_id":0,"font":"","enabled":false},"version":2}},"categories":[49,132],"tags":[],"class_list":["post-9642","post","type-post","status-publish","format-standard","has-post-thumbnail","hentry","category-area-deportiva","category-preferente-masculino"],"jetpack_publicize_connections":[],"jetpack_featured_media_url":"https:\/\/www.capciudaddemurcia.com\/home\/wp-content\/uploads\/2021\/10\/Miniatura-web-2.png","jetpack_sharing_enabled":true,"jetpack_shortlink":"https:\/\/wp.me\/s9cs2b-9642","_links":{"self":[{"href":"https:\/\/www.capciudaddemurcia.com\/home\/wp-json\/wp\/v2\/posts\/9642","targetHints":{"allow":["GET"]}}],"collection":[{"href":"https:\/\/www.capciudaddemurcia.com\/home\/wp-json\/wp\/v2\/posts"}],"about":[{"href":"https:\/\/www.capciudaddemurcia.com\/home\/wp-json\/wp\/v2\/types\/post"}],"author":[{"embeddable":true,"href":"https:\/\/www.capciudaddemurcia.com\/home\/wp-json\/wp\/v2\/users\/1"}],"replies":[{"embeddable":true,"href":"https:\/\/www.capciudaddemurcia.com\/home\/wp-json\/wp\/v2\/comments?post=9642"}],"version-history":[{"count":3,"href":"https:\/\/www.capciudaddemurcia.com\/home\/wp-json\/wp\/v2\/posts\/9642\/revisions"}],"predecessor-version":[{"id":9663,"href":"https:\/\/www.capciudaddemurcia.com\/home\/wp-json\/wp\/v2\/posts\/9642\/revisions\/9663"}],"wp:featuredmedia":[{"embeddable":true,"href":"https:\/\/www.capciudaddemurcia.com\/home\/wp-json\/wp\/v2\/media\/9648"}],"wp:attachment":[{"href":"https:\/\/www.capciudaddemurcia.com\/home\/wp-json\/wp\/v2\/media?parent=9642"}],"wp:term":[{"taxonomy":"category","embeddable":true,"href":"https:\/\/www.capciudaddemurcia.com\/home\/wp-json\/wp\/v2\/categories?post=9642"},{"taxonomy":"post_tag","embeddable":true,"href":"https:\/\/www.capciudaddemurcia.com\/home\/wp-json\/wp\/v2\/tags?post=9642"}],"curies":[{"name":"wp","href":"https:\/\/api.w.org\/{rel}","templated":true}]}}