{"id":9657,"date":"2021-10-14T16:04:28","date_gmt":"2021-10-14T14:04:28","guid":{"rendered":"https:\/\/www.capciudaddemurcia.com\/home\/?p=9657"},"modified":"2022-01-28T20:27:32","modified_gmt":"2022-01-28T19:27:32","slug":"jornada-7-fc-cartagena-b-2-0-cap-ciudad-de-murcia","status":"publish","type":"post","link":"https:\/\/www.capciudaddemurcia.com\/home\/area-deportiva\/jornada-7-fc-cartagena-b-2-0-cap-ciudad-de-murcia\/","title":{"rendered":"Jornada 7: FC Cartagena B 2-0 CAP Ciudad de Murcia"},"content":{"rendered":"<p style=\"text-align: center;\">Jornada 7 Tercera RFEF Grupo XIII 21\/22<\/p>\n<p style=\"text-align: center;\">FC Cartagena B 2-0 CAP Ciudad de Murcia<\/p>\n<p style=\"text-align: center;\">14\/10\/2021 en el Estadio Cartagonova.<\/p>\n<p style=\"text-align: center;\">Ficha del partido<\/p>\n<p style=\"text-align: center;\">FC Cartagena B: Sergio D\u00edaz, Juampe, Farru, Antonio L\u00f3pez, Miguel Guirao, Xavi Pons, Edu Mart\u00ednez (Juanki 55\u2019), Samu Mayo, Kevin Laosa (De Pedro 55\u2019), Revilla (Fede 55\u2019), Josema (Nono 73\u2019).<\/p>\n<p style=\"text-align: center;\">CAP Ciudad de Murcia: Miguel, Jaime, David Jim\u00e9nez, Carrillo, Mario, Franco Sala, Mayol (Viti 46\u2019), Samu (Pedro 82\u2019), \u00c1lex David (Cabo 70\u2019), Mat\u00edas (Belando 78\u2019), David Valverde.<\/p>\n<p style=\"text-align: center;\">Goles: 1-0 Josema 32\u2019, 2-0 Josema 50\u2019.<\/p>\n<p style=\"text-align: center;\">\u00c1rbitros: Alejandro Berenguer Castej\u00f3n, David Gil Gallego, Jos\u00e9 \u00c1ngel L\u00f3pez Esteban, Naomi Bellido Alcolea.<\/p>\n<p>Derrota del cuadro de Ismael Ib\u00e1\u00f1ez en su visita al Estadio Cartagonova, donde se disput\u00f3 el encuentro entre el filial albinegro y los rojinegros.<\/p>\n<p>Disfruta del\u00a0<a href=\"https:\/\/youtu.be\/mO2vOWe2m5Y\">resumen audiovisual<\/a><\/p>\n<p>Mal encuentro del Ciudad en un partido que tuvo controlado los de Pepe Aguilar durante casi todo el choque.<\/p>\n<p>Los primero minutos fueron de mucha posesi\u00f3n de los locales, que debutaban esta temporada en el estadio de su primer equipo, en cambio el Ciudad manten\u00eda el bloque junto aguantando al Cartagena B en su campo y sin encerrarse atr\u00e1s.<\/p>\n<p>Al cuarto de hora de comenzar el encuentro, lleg\u00f3 la primera ocasi\u00f3n del partido. Un disparo desde la frontal de los portuarios, que atrap\u00f3 con mucha seguridad Miguel.<\/p>\n<p>Dos minutos despu\u00e9s de la ocasi\u00f3n del filial, llego el primer acercamiento del Ciudad. Un pase entre l\u00edneas de Valverde fue recibido por Samu, que tras hacer un quiebre hacia dentro, solt\u00f3 un zurdazo que se fue desviado de la porter\u00eda defendida por Sergio D\u00edaz.<\/p>\n<p>Las buenas sensaciones de los locales, las pudieron reflejar en el marcador cuando transcurr\u00edan 32 minutos de juego. Un pase elevado de Samu Mayo sobre Revilla era cruzado a Josema, sin que este tocara el suelo, y el m\u00e1ximo goleador de la categor\u00eda no perdonaba y de cabeza pon\u00eda el primer gol del partido.<\/p>\n<p>Con la ventaja por la m\u00ednima para el filial albinegro se llegaba al tiempo de descanso.<\/p>\n<p>A los dos minutos de comenzar la reanudaci\u00f3n el Ciudad dispuso de una muy buena ocasi\u00f3n de gol tras un pase en profundiad al espacio que atac\u00f3 \u00c1lex David, y el dorsal 3 de los rojinegros solt\u00f3 un zurdazo muy ajustado que oblig\u00f3 al cancerbero local a emplearse a fondo para salvar lo que hubiera sido el empate del Ciudad.<\/p>\n<p>La respuesta del Cartagena fue definitiva. Tres minutos despu\u00e9s de la ocasi\u00f3n del Ciudad, el conjunto de Pepe Aguilar pon\u00eda el segundo gol en el marcador, y el segundo en la cuenta particular de Josema, cuando esta vez s\u00ed, consegu\u00eda batir a Miguel en un mano a mano.<\/p>\n<p>Durante el resto del partido, los de Ismael Ib\u00e1\u00f1ez intentaron llegar a la porter\u00eda local a trav\u00e9s de jugadas a bal\u00f3n parado, pero ninguna sin excesivo peligro. Solo un bal\u00f3n dentro del \u00e1rea al que Pedro no consegu\u00eda rematar a falta de cinco minutos para el final, fue lo m\u00e1s destacado. <\/p>\n<p>Con el pitido final del \u00e1rbitro, se confirm\u00f3 la derrota del conjunto rojinegro sobre el Cartagonova.<\/p>\n<p>La nueva oportunidad del Ciudad para seguir sumando ser\u00e1 el pr\u00f3ximo domingo 17 de octubre, a partir de las 19:30 h en el Jos\u00e9 Barn\u00e9s, contra el CD Bullense.<\/p>\n<p>&nbsp;<\/p>\n","protected":false},"excerpt":{"rendered":"<p>Jornada 7 Tercera RFEF Grupo XIII 21\/22 FC Cartagena B 2-0 CAP Ciudad de Murcia 14\/10\/2021 en el Estadio Cartagonova. Ficha del partido FC Cartagena B: Sergio D\u00edaz, Juampe, Farru, Antonio L\u00f3pez, Miguel Guirao, Xavi Pons, Edu Mart\u00ednez (Juanki 55\u2019), Samu Mayo, Kevin Laosa (De Pedro 55\u2019), Revilla (Fede 55\u2019), Josema (Nono 73\u2019). CAP Ciudad [&hellip;]<\/p>\n","protected":false},"author":1,"featured_media":9658,"comment_status":"closed","ping_status":"closed","sticky":false,"template":"","format":"standard","meta":{"jetpack_post_was_ever_published":false,"_jetpack_newsletter_access":"","_jetpack_dont_email_post_to_subs":false,"_jetpack_newsletter_tier_id":0,"_jetpack_memberships_contains_paywalled_content":false,"_jetpack_memberships_contains_paid_content":false,"footnotes":"","jetpack_publicize_message":"","jetpack_publicize_feature_enabled":true,"jetpack_social_post_already_shared":true,"jetpack_social_options":{"image_generator_settings":{"template":"highway","default_image_id":0,"font":"","enabled":false},"version":2}},"categories":[49,132],"tags":[],"class_list":["post-9657","post","type-post","status-publish","format-standard","has-post-thumbnail","hentry","category-area-deportiva","category-preferente-masculino"],"jetpack_publicize_connections":[],"jetpack_featured_media_url":"https:\/\/www.capciudaddemurcia.com\/home\/wp-content\/uploads\/2021\/10\/Miniatura-web.png","jetpack_sharing_enabled":true,"jetpack_shortlink":"https:\/\/wp.me\/p9cs2b-2vL","_links":{"self":[{"href":"https:\/\/www.capciudaddemurcia.com\/home\/wp-json\/wp\/v2\/posts\/9657","targetHints":{"allow":["GET"]}}],"collection":[{"href":"https:\/\/www.capciudaddemurcia.com\/home\/wp-json\/wp\/v2\/posts"}],"about":[{"href":"https:\/\/www.capciudaddemurcia.com\/home\/wp-json\/wp\/v2\/types\/post"}],"author":[{"embeddable":true,"href":"https:\/\/www.capciudaddemurcia.com\/home\/wp-json\/wp\/v2\/users\/1"}],"replies":[{"embeddable":true,"href":"https:\/\/www.capciudaddemurcia.com\/home\/wp-json\/wp\/v2\/comments?post=9657"}],"version-history":[{"count":2,"href":"https:\/\/www.capciudaddemurcia.com\/home\/wp-json\/wp\/v2\/posts\/9657\/revisions"}],"predecessor-version":[{"id":9660,"href":"https:\/\/www.capciudaddemurcia.com\/home\/wp-json\/wp\/v2\/posts\/9657\/revisions\/9660"}],"wp:featuredmedia":[{"embeddable":true,"href":"https:\/\/www.capciudaddemurcia.com\/home\/wp-json\/wp\/v2\/media\/9658"}],"wp:attachment":[{"href":"https:\/\/www.capciudaddemurcia.com\/home\/wp-json\/wp\/v2\/media?parent=9657"}],"wp:term":[{"taxonomy":"category","embeddable":true,"href":"https:\/\/www.capciudaddemurcia.com\/home\/wp-json\/wp\/v2\/categories?post=9657"},{"taxonomy":"post_tag","embeddable":true,"href":"https:\/\/www.capciudaddemurcia.com\/home\/wp-json\/wp\/v2\/tags?post=9657"}],"curies":[{"name":"wp","href":"https:\/\/api.w.org\/{rel}","templated":true}]}}